{"id":174833,"__str__":"Indica\u00e7\u00e3o (n\u00e3o usar) n\u00ba 1518 de 2013 | Inclu\u00eddo na Ordem do Dia (Disc.\u00danica) | 10/09/2013","link_detail_backend":"/materia/tramitacao/174833","metadata":{},"timestamp":"2019-08-21T12:12:24.660689-03:00","data_tramitacao":"2013-09-10","data_encaminhamento":"2013-09-10","urgente":false,"turno":"U","texto":"INCLU\u00cdDO NA ORDEM DO DIA EM DISCUSS\u00c3O \u00daNICA.","data_fim_prazo":null,"ip":"","ultima_edicao":null,"status":48,"materia":29741,"unidade_tramitacao_local":16,"unidade_tramitacao_destino":16,"user":null}