{"id":46788,"__str__":"Projeto de Lei Ordin\u00e1ria n\u00ba 344 de 2024","link_detail_backend":"/materia/46788","metadata":{"signs":{"texto_original":{"admin":[],"autores":[["Isaque Demani Machado",["2024-02-27T14:32:43-03:00","ICP-Brasil"]]]}}},"numero":344,"ano":2024,"numero_protocolo":3731,"data_apresentacao":"2024-02-27","tipo_apresentacao":"E","data_publicacao":null,"numero_origem_externa":"","ano_origem_externa":null,"data_origem_externa":null,"apelido":"","dias_prazo":null,"data_fim_prazo":null,"em_tramitacao":true,"polemica":false,"objeto":"","complementar":false,"ementa":"Assegura, ao aluno deficiente ou considerado deficiente para efeitos legais, prioridade na matr\u00edcula em escola p\u00fablica municipal mais pr\u00f3xima de sua resid\u00eancia e d\u00e1 outras provid\u00eancias.","indexacao":"","observacao":"","resultado":"","texto_original":"http://sapl.novafriburgo.rj.leg.br/media/sapl/public/materialegislativa/2024/46788/pl_-_31-24_assegura_a_matricula_do_aluno_com_deficiencia_ou_assim_considerado_na_escola_mais_proxima_de_sua_residencia.pdf","data_ultima_atualizacao":"2025-06-23T17:57:34.259354-03:00","ip":"177.131.174.42","ultima_edicao":"2024-02-27T17:05:41.264472-03:00","tipo":1,"regime_tramitacao":1,"tipo_origem_externa":null,"local_origem_externa":null,"user":108,"anexadas":[],"autores":[53]}