{"id":46361,"__str__":"Mo\u00e7\u00e3o n\u00ba 294 de 2023","link_detail_backend":"/materia/46361","metadata":{},"numero":294,"ano":2023,"numero_protocolo":3051,"data_apresentacao":"2023-06-20","tipo_apresentacao":"","data_publicacao":null,"numero_origem_externa":"","ano_origem_externa":null,"data_origem_externa":null,"apelido":"","dias_prazo":null,"data_fim_prazo":null,"em_tramitacao":false,"polemica":false,"objeto":"","complementar":false,"ementa":"Com a Sr\u00b0 P\u00e2mella Freiman por sua trajet\u00f3ria de sucesso na \u00e1rea de farm\u00e1cia com especializa\u00e7\u00e3o em Gest\u00e3o Empresarial e An\u00e1lises Cl\u00ednicas. Atuando na \u00e1rea da sa\u00fade do munic\u00edpio, j\u00e1 exerceu os cargos de analista de farm\u00e1cia, farmac\u00eautica nas Unidades B\u00e1sicas de Sa\u00fade e farmac\u00eautica no programa Melhor em Casa, sempre com dedica\u00e7\u00e3o e profissionalismo. Desejamos que sua carreira seja repleta de muito sucesso e realiza\u00e7\u00f5es.","indexacao":"","observacao":"","resultado":"","texto_original":"http://sapl.novafriburgo.rj.leg.br/media/sapl/public/materialegislativa/2023/46361/029_mocao_de_congratulacoes__-_pamella_freiman.odt","data_ultima_atualizacao":"2023-06-21T13:25:30.280306-03:00","ip":"","ultima_edicao":null,"tipo":17,"regime_tramitacao":1,"tipo_origem_externa":null,"local_origem_externa":null,"user":null,"anexadas":[],"autores":[131]}