{"id":46339,"__str__":"Projeto de Lei Ordin\u00e1ria n\u00ba 275 de 2023","link_detail_backend":"/materia/46339","metadata":{"signs":{"texto_original":{"admin":[],"autores":[["Johnny Maycon Cordeiro Ribeiro",["2023-06-15T14:09:55-03:00","ICP-Brasil - Certificado PF A3"]]]}}},"numero":275,"ano":2023,"numero_protocolo":3026,"data_apresentacao":"2023-06-15","tipo_apresentacao":"E","data_publicacao":null,"numero_origem_externa":"","ano_origem_externa":null,"data_origem_externa":null,"apelido":"","dias_prazo":null,"data_fim_prazo":null,"em_tramitacao":false,"polemica":false,"objeto":"","complementar":false,"ementa":"Disp\u00f5e sobre a transposi\u00e7\u00e3o de empregados p\u00fablicos regidos pelo regime da Consolida\u00e7\u00e3o das Leis do Trabalho - CLT para o regime estatut\u00e1rio dos servidores p\u00fablicos da Administra\u00e7\u00e3o P\u00fablica de Nova Friburgo, e d\u00e1 outras provid\u00eancias.","indexacao":"","observacao":"","resultado":"","texto_original":"http://sapl.novafriburgo.rj.leg.br/media/sapl/public/materialegislativa/2023/46339/projeto_de_lei_-_transposicao_do_regime.pdf","data_ultima_atualizacao":"2024-07-31T17:40:41.230772-03:00","ip":"177.131.174.42","ultima_edicao":"2023-06-30T18:18:14.569223-03:00","tipo":1,"regime_tramitacao":1,"tipo_origem_externa":null,"local_origem_externa":null,"user":108,"anexadas":[],"autores":[32]}