{"id":46204,"__str__":"Projeto de Lei Ordin\u00e1ria n\u00ba 257 de 2023","link_detail_backend":"/materia/46204","metadata":{},"numero":257,"ano":2023,"numero_protocolo":2817,"data_apresentacao":"2023-04-14","tipo_apresentacao":"E","data_publicacao":null,"numero_origem_externa":"","ano_origem_externa":null,"data_origem_externa":null,"apelido":"","dias_prazo":null,"data_fim_prazo":"2023-05-18","em_tramitacao":false,"polemica":false,"objeto":"","complementar":false,"ementa":"Autoriza o Poder Executivo a adotar os atos necess\u00e1rios \u00e0 concess\u00e3o dos servi\u00e7os p\u00fablicos municipais de transporte coletivo, e d\u00e1 outras provid\u00eancias.","indexacao":"","observacao":"","resultado":"","texto_original":"http://sapl.novafriburgo.rj.leg.br/media/sapl/public/materialegislativa/2023/46204/projeto_de_lei_-_concessao_de_transporte_publico_-_2023_2.pdf","data_ultima_atualizacao":"2023-06-14T16:26:48.206844-03:00","ip":"177.131.174.42","ultima_edicao":"2023-04-20T13:39:11.760772-03:00","tipo":1,"regime_tramitacao":2,"tipo_origem_externa":null,"local_origem_externa":null,"user":145,"anexadas":[],"autores":[32]}