{"id":22764,"__str__":"Projeto de Audi\u00eancia P\u00fablica n\u00ba 12824 de 2012","link_detail_backend":"/materia/22764","metadata":{},"numero":12824,"ano":2012,"numero_protocolo":null,"data_apresentacao":"2012-02-07","tipo_apresentacao":"E","data_publicacao":null,"numero_origem_externa":"","ano_origem_externa":null,"data_origem_externa":null,"apelido":"","dias_prazo":null,"data_fim_prazo":null,"em_tramitacao":false,"polemica":null,"objeto":"","complementar":null,"ementa":"AUDI\u00caNCIA P\u00daBLICA A SE REALIZAR NO DIA 02 DE MAR\u00c7O, DAS 18H30 \u00c0S 21H30, PARA TRATAR DO PROJETO DE LEI ENCAMINHADO AO EXECUTIVO MUNICIPAL INSTITUINDO O PLANO DE CARGOS, CARREIRAS E REMUNERA\u00c7\u00d5ES DOS PROFISSIONAIS DE APOIO DA EDUCA\u00c7\u00c3O MUNICIPAL.","indexacao":"","observacao":"","resultado":"","texto_original":"http://sapl.novafriburgo.rj.leg.br/media/sapl/public/materialegislativa/2012/22764/22764_texto_integral.odt","data_ultima_atualizacao":"2019-08-21T12:15:02.862331-03:00","ip":"","ultima_edicao":null,"tipo":22,"regime_tramitacao":1,"tipo_origem_externa":null,"local_origem_externa":null,"user":null,"anexadas":[],"autores":[3]}