{"id":16529,"__str__":"Indica\u00e7\u00e3o (n\u00e3o usar) n\u00ba 9102 de 2010","link_detail_backend":"/materia/16529","metadata":{},"numero":9102,"ano":2010,"numero_protocolo":null,"data_apresentacao":"2010-12-14","tipo_apresentacao":"E","data_publicacao":null,"numero_origem_externa":"","ano_origem_externa":null,"data_origem_externa":null,"apelido":"","dias_prazo":null,"data_fim_prazo":null,"em_tramitacao":false,"polemica":null,"objeto":"","complementar":null,"ementa":"COLOCA\u00c7\u00c3O DE GRADE DE PROTE\u00c7\u00c3O NO ACESSO AO P\u00c1TIO INTERNO DA CRECHE ALAENE PACHECO BREDER - PRADO. ","indexacao":"","observacao":"","resultado":"","texto_original":"http://sapl.novafriburgo.rj.leg.br/media/sapl/public/materialegislativa/2010/16529/16529_texto_integral.odt","data_ultima_atualizacao":"2019-08-21T12:14:24.642023-03:00","ip":"","ultima_edicao":null,"tipo":8,"regime_tramitacao":1,"tipo_origem_externa":null,"local_origem_externa":null,"user":null,"anexadas":[],"autores":[56]}