{"id":3242,"__str__":"Parecer - PARECER de 20/07/2010 por Comiss\u00e3o de Sa\u00fade, P. Social e Trat. Dependentes Q","link_detail_backend":"/materia/documentoacessorio/3242","metadata":{},"nome":"PARECER","data":"2010-07-20","autor":"Comiss\u00e3o de Sa\u00fade, P. Social e Trat. Dependentes Q","ementa":"PARECER FAVOR\u00c1VEL","indexacao":"","arquivo":"http://sapl.novafriburgo.rj.leg.br/media/sapl/public/documentoacessorio/2010/3242/3242.odt","data_ultima_atualizacao":"2019-08-21T12:15:19.315720-03:00","materia":11814,"tipo":1}