{"id":2932,"__str__":"Parecer - \u00c0 comiss\u00e3o de Sa\u00fade para an\u00e1li de 14/06/2010 por Comiss\u00e3o de Constitui\u00e7\u00e3o, Justi\u00e7a e Reda\u00e7\u00e3o Final","link_detail_backend":"/materia/documentoacessorio/2932","metadata":{},"nome":"\u00c0 comiss\u00e3o de Sa\u00fade para an\u00e1li","data":"2010-06-14","autor":"Comiss\u00e3o de Constitui\u00e7\u00e3o, Justi\u00e7a e Reda\u00e7\u00e3o Final","ementa":"\u00c0 COMISS\u00c3O DE SA\u00daDE","indexacao":"","arquivo":"http://sapl.novafriburgo.rj.leg.br/media/sapl/public/documentoacessorio/2010/2932/2932.xml","data_ultima_atualizacao":"2019-08-21T12:15:11.609773-03:00","materia":11814,"tipo":1}