{"id":11690,"__str__":"Parecer - ENCAMINHA-SE O PROJETO A COMIS de 19/09/2018 por Com Constitui\u00e7\u00e3o e Justi\u00e7a e de Cidadania","link_detail_backend":"/materia/documentoacessorio/11690","metadata":{},"nome":"ENCAMINHA-SE O PROJETO A COMIS","data":"2018-09-19","autor":"Com Constitui\u00e7\u00e3o e Justi\u00e7a e de Cidadania","ementa":"                    \r\n                ","indexacao":"","arquivo":"http://sapl.novafriburgo.rj.leg.br/media/sapl/public/documentoacessorio/2018/11690/11690.odt","data_ultima_atualizacao":"2019-08-21T12:15:16.644410-03:00","materia":42768,"tipo":1}